{"id":14172,"date":"2017-02-08T09:05:25","date_gmt":"2017-02-08T08:05:25","guid":{"rendered":"http:\/\/capitularia.uni-koeln.de\/?p=14172"},"modified":"2017-02-08T09:23:19","modified_gmt":"2017-02-08T08:23:19","slug":"dhd-tagung-2017","status":"publish","type":"post","link":"https:\/\/capitularia.uni-koeln.de\/en\/blog\/dhd-tagung-2017\/","title":{"rendered":"Capitularia auf der DHd-Tagung in Bern"},"content":{"rendered":"<p>Auf der <strong>Tagung der Digital Humanities im deutschsprachigen Raum<\/strong> (DHd) (13.-18. Februar, Bern) zum Thema <a title=\"Zum Programm\" target=\"_blank\" href=\"http:\/\/www.dhd2017.ch\/wp-content\/uploads\/2017\/02\/DHd-2017-Programm_6.2..pdf\">&#8220;Digitale Nachhaltigkeit&#8221;<\/a> wird die Nachhaltigkeitsstrategie des Capitularia-Projekts in einer Posterpr\u00e4sentation vorgestellt:<\/p>\n<p><strong>Ma\u00dfnahmen zur digitalen Nachhaltigkeit in Langzeitprojekten \u2013<\/strong><br \/>\n<strong>Das Beispiel Capitularia<\/strong><\/p>\n<p>(im Rahmen der Posterausstellung am <strong>Donnerstag, 16.02.2017, 16.15 -18.00 Uhr<\/strong>)<\/p>\n<p>Daniela Schulz<br \/>\n<em>Bergische Universit\u00e4t Wuppertal; Universit\u00e4t zu<\/em><br \/>\n<em>K\u00f6ln<\/em><\/p>\n<p>Franz Fischer<br \/>\n<em>Cologne Center for eHumanities<\/em><\/p>\n<p>Nils Gei\u00dfler<br \/>\n<em>Cologne Center for eHumanities<\/em><\/p>\n<p>Martina G\u00f6del<br \/>\n<em>Cologne Center for eHumanities<\/em><\/p>\n<p><strong>Abstract siehe <a title=\"Zum Abstractband\" target=\"_blank\" href=\"http:\/\/www.dhd2017.ch\/wp-content\/uploads\/2017\/01\/Abstractband_def_24.1.17-1.pdf\">hier<\/a> (S. 257 ff.)<\/strong><\/p>\n<p>&nbsp;<\/p>\n<p>&nbsp;<\/p>\n","protected":false},"excerpt":{"rendered":"<p>Auf der Tagung der Digital Humanities im deutschsprachigen Raum (DHd) (13.-18. Februar, Bern) zum Thema &#8220;Digitale Nachhaltigkeit&#8221; wird die Nachhaltigkeitsstrategie des Capitularia-Projekts in einer Posterpr\u00e4sentation vorgestellt: Ma\u00dfnahmen zur digitalen Nachhaltigkeit in Langzeitprojekten \u2013 Das Beispiel Capitularia (im Rahmen der Posterausstellung am Donnerstag, 16.02.2017, 16.15 -18.00 Uhr) Daniela Schulz Bergische Universit\u00e4t Wuppertal; Universit\u00e4t zu K\u00f6ln Franz [&hellip;]<\/p>\n","protected":false},"author":8,"featured_media":0,"comment_status":"open","ping_status":"open","sticky":false,"template":"","format":"standard","meta":{"inline_featured_image":false,"footnotes":""},"categories":[130],"tags":[],"class_list":["post-14172","post","type-post","status-publish","format-standard","hentry","category-konferenz"],"_links":{"self":[{"href":"https:\/\/capitularia.uni-koeln.de\/en\/wp-json\/wp\/v2\/posts\/14172","targetHints":{"allow":["GET"]}}],"collection":[{"href":"https:\/\/capitularia.uni-koeln.de\/en\/wp-json\/wp\/v2\/posts"}],"about":[{"href":"https:\/\/capitularia.uni-koeln.de\/en\/wp-json\/wp\/v2\/types\/post"}],"author":[{"embeddable":true,"href":"https:\/\/capitularia.uni-koeln.de\/en\/wp-json\/wp\/v2\/users\/8"}],"replies":[{"embeddable":true,"href":"https:\/\/capitularia.uni-koeln.de\/en\/wp-json\/wp\/v2\/comments?post=14172"}],"version-history":[{"count":0,"href":"https:\/\/capitularia.uni-koeln.de\/en\/wp-json\/wp\/v2\/posts\/14172\/revisions"}],"wp:attachment":[{"href":"https:\/\/capitularia.uni-koeln.de\/en\/wp-json\/wp\/v2\/media?parent=14172"}],"wp:term":[{"taxonomy":"category","embeddable":true,"href":"https:\/\/capitularia.uni-koeln.de\/en\/wp-json\/wp\/v2\/categories?post=14172"},{"taxonomy":"post_tag","embeddable":true,"href":"https:\/\/capitularia.uni-koeln.de\/en\/wp-json\/wp\/v2\/tags?post=14172"}],"curies":[{"name":"wp","href":"https:\/\/api.w.org\/{rel}","templated":true}]}}